{"id":6382,"date":"2023-10-10T14:56:14","date_gmt":"2023-10-10T14:56:14","guid":{"rendered":"https:\/\/slcluezar.es\/?p=6382"},"modified":"2023-10-10T14:59:24","modified_gmt":"2023-10-10T14:59:24","slug":"interlift-2023","status":"publish","type":"post","link":"http:\/\/slcluezar.es\/en\/interlift-2023\/","title":{"rendered":"We are there!"},"content":{"rendered":"<div data-elementor-type=\"wp-post\" data-elementor-id=\"6382\" class=\"elementor elementor-6382\">\n\t\t\t\t\t\t<section class=\"elementor-section elementor-top-section elementor-element elementor-element-c52f11a elementor-section-boxed elementor-section-height-default elementor-section-height-default\" data-id=\"c52f11a\" data-element_type=\"section\" data-e-type=\"section\">\n\t\t\t\t\t\t<div class=\"elementor-container elementor-column-gap-default\">\n\t\t\t\t\t<div class=\"elementor-column elementor-col-100 elementor-top-column elementor-element elementor-element-f2e8030\" data-id=\"f2e8030\" data-element_type=\"column\" data-e-type=\"column\">\n\t\t\t<div class=\"elementor-widget-wrap elementor-element-populated\">\n\t\t\t\t\t\t<div class=\"elementor-element elementor-element-82073d9 elementor-widget elementor-widget-image\" data-id=\"82073d9\" data-element_type=\"widget\" data-e-type=\"widget\" data-widget_type=\"image.default\">\n\t\t\t\t<div class=\"elementor-widget-container\">\n\t\t\t\t\t\t\t\t\t\t\t\t\t\t\t<img decoding=\"async\" src=\"http:\/\/slcluezar.es\/wp-content\/uploads\/2023\/10\/Ven-a-visitarnos-a-nuestro-stand.jpg\" title=\"\" alt=\"Interlift 2023\" loading=\"lazy\" \/>\t\t\t\t\t\t\t\t\t\t\t\t\t\t\t<\/div>\n\t\t\t\t<\/div>\n\t\t\t\t<div class=\"elementor-element elementor-element-8a29eff elementor-widget elementor-widget-heading\" data-id=\"8a29eff\" data-element_type=\"widget\" data-e-type=\"widget\" data-widget_type=\"heading.default\">\n\t\t\t\t<div class=\"elementor-widget-container\">\n\t\t\t\t\t<h2 class=\"elementor-heading-title elementor-size-default\">We are there!<\/h2>\t\t\t\t<\/div>\n\t\t\t\t<\/div>\n\t\t\t\t<div class=\"elementor-element elementor-element-5b9c2f3 elementor-widget elementor-widget-text-editor\" data-id=\"5b9c2f3\" data-element_type=\"widget\" data-e-type=\"widget\" data-widget_type=\"text-editor.default\">\n\t\t\t\t<div class=\"elementor-widget-container\">\n\t\t\t\t\t\t\t\t\t<p class=\"MsoNormal\"><span style=\"font-family: Goldplay;\">We are pleased to inform you that, as in previous years, this year Luezar Eco will be present at Interlift 2023 , which will take place in Augsburg from 17th  to 20th October.<\/span><\/p><p class=\"MsoNormal\"><span style=\"font-family: Goldplay; font-size: 20px; letter-spacing: 0.03em;\">As in previous editions, we will be delighted to welcome you at our Stand in order to show some of the new features and improvements that we have carried out since the previous fair.<\/span><\/p>\t\t\t\t\t\t\t\t<\/div>\n\t\t\t\t<\/div>\n\t\t\t\t\t<\/div>\n\t\t<\/div>\n\t\t\t\t\t<\/div>\n\t\t<\/section>\n\t\t\t\t<\/div>","protected":false},"excerpt":{"rendered":"<p>\u00a1Os esperamos! Nos complace comunicarle que al igual que en a\u00f1os anteriores, este a\u00f1o Luezar Eco estar\u00e1 presente en la feria Interlift 2023 que se celebra en Augsburg del 17 al 20 de octubre. Al igual que en ediciones anteriores estaremos encantos de recibirles en nuestro stand y poder mostrarles algunas de las novedades y [&hellip;]<\/p>\n","protected":false},"author":1,"featured_media":6376,"comment_status":"open","ping_status":"open","sticky":false,"template":"","format":"standard","meta":{"footnotes":""},"categories":[1],"tags":[],"class_list":["post-6382","post","type-post","status-publish","format-standard","has-post-thumbnail","hentry","category-uncategorized"],"yoast_head":"<!-- This site is optimized with the Yoast SEO plugin v27.1.1 - https:\/\/yoast.com\/product\/yoast-seo-wordpress\/ -->\n<title>\u00a1Os esperamos! - Luezar Eco<\/title>\n<meta name=\"robots\" content=\"index, follow, max-snippet:-1, max-image-preview:large, max-video-preview:-1\" \/>\n<link rel=\"canonical\" href=\"https:\/\/slcluezar.es\/en\/interlift-2023\/\" \/>\n<meta property=\"og:locale\" content=\"en_US\" \/>\n<meta property=\"og:type\" content=\"article\" \/>\n<meta property=\"og:title\" content=\"\u00a1Os esperamos! - Luezar Eco\" \/>\n<meta property=\"og:description\" content=\"\u00a1Os esperamos! Nos complace comunicarle que al igual que en a\u00f1os anteriores, este a\u00f1o Luezar Eco estar\u00e1 presente en la feria Interlift 2023 que se celebra en Augsburg del 17 al 20 de octubre. Al igual que en ediciones anteriores estaremos encantos de recibirles en nuestro stand y poder mostrarles algunas de las novedades y [&hellip;]\" \/>\n<meta property=\"og:url\" content=\"https:\/\/slcluezar.es\/en\/interlift-2023\/\" \/>\n<meta property=\"og:site_name\" content=\"Luezar Eco\" \/>\n<meta property=\"article:published_time\" content=\"2023-10-10T14:56:14+00:00\" \/>\n<meta property=\"article:modified_time\" content=\"2023-10-10T14:59:24+00:00\" \/>\n<meta property=\"og:image\" content=\"https:\/\/slcluezar.es\/wp-content\/uploads\/2023\/10\/Ven-a-visitarnos-a-nuestro-stand.jpg\" \/>\n\t<meta property=\"og:image:width\" content=\"2000\" \/>\n\t<meta property=\"og:image:height\" content=\"1414\" \/>\n\t<meta property=\"og:image:type\" content=\"image\/jpeg\" \/>\n<meta name=\"author\" content=\"admin\" \/>\n<meta name=\"twitter:card\" content=\"summary_large_image\" \/>\n<meta name=\"twitter:label1\" content=\"Written by\" \/>\n\t<meta name=\"twitter:data1\" content=\"admin\" \/>\n\t<meta name=\"twitter:label2\" content=\"Est. reading time\" \/>\n\t<meta name=\"twitter:data2\" content=\"1 minute\" \/>\n<script type=\"application\/ld+json\" class=\"yoast-schema-graph\">{\"@context\":\"https:\/\/schema.org\",\"@graph\":[{\"@type\":\"Article\",\"@id\":\"https:\/\/slcluezar.es\/en\/interlift-2023\/#article\",\"isPartOf\":{\"@id\":\"https:\/\/slcluezar.es\/en\/interlift-2023\/\"},\"author\":{\"name\":\"admin\",\"@id\":\"https:\/\/slcluezar.es\/#\/schema\/person\/8e62d42ec8be573c08871c7ea9a51426\"},\"headline\":\"\u00a1Os esperamos!\",\"datePublished\":\"2023-10-10T14:56:14+00:00\",\"dateModified\":\"2023-10-10T14:59:24+00:00\",\"mainEntityOfPage\":{\"@id\":\"https:\/\/slcluezar.es\/en\/interlift-2023\/\"},\"wordCount\":66,\"commentCount\":0,\"publisher\":{\"@id\":\"https:\/\/slcluezar.es\/#organization\"},\"image\":{\"@id\":\"https:\/\/slcluezar.es\/en\/interlift-2023\/#primaryimage\"},\"thumbnailUrl\":\"http:\/\/slcluezar.es\/wp-content\/uploads\/2023\/10\/Ven-a-visitarnos-a-nuestro-stand.jpg\",\"inLanguage\":\"en-US\",\"potentialAction\":[{\"@type\":\"CommentAction\",\"name\":\"Comment\",\"target\":[\"https:\/\/slcluezar.es\/en\/interlift-2023\/#respond\"]}]},{\"@type\":\"WebPage\",\"@id\":\"https:\/\/slcluezar.es\/en\/interlift-2023\/\",\"url\":\"https:\/\/slcluezar.es\/en\/interlift-2023\/\",\"name\":\"\u00a1Os esperamos! - Luezar Eco\",\"isPartOf\":{\"@id\":\"https:\/\/slcluezar.es\/#website\"},\"primaryImageOfPage\":{\"@id\":\"https:\/\/slcluezar.es\/en\/interlift-2023\/#primaryimage\"},\"image\":{\"@id\":\"https:\/\/slcluezar.es\/en\/interlift-2023\/#primaryimage\"},\"thumbnailUrl\":\"http:\/\/slcluezar.es\/wp-content\/uploads\/2023\/10\/Ven-a-visitarnos-a-nuestro-stand.jpg\",\"datePublished\":\"2023-10-10T14:56:14+00:00\",\"dateModified\":\"2023-10-10T14:59:24+00:00\",\"breadcrumb\":{\"@id\":\"https:\/\/slcluezar.es\/en\/interlift-2023\/#breadcrumb\"},\"inLanguage\":\"en-US\",\"potentialAction\":[{\"@type\":\"ReadAction\",\"target\":[\"https:\/\/slcluezar.es\/en\/interlift-2023\/\"]}]},{\"@type\":\"ImageObject\",\"inLanguage\":\"en-US\",\"@id\":\"https:\/\/slcluezar.es\/en\/interlift-2023\/#primaryimage\",\"url\":\"http:\/\/slcluezar.es\/wp-content\/uploads\/2023\/10\/Ven-a-visitarnos-a-nuestro-stand.jpg\",\"contentUrl\":\"http:\/\/slcluezar.es\/wp-content\/uploads\/2023\/10\/Ven-a-visitarnos-a-nuestro-stand.jpg\",\"width\":2000,\"height\":1414},{\"@type\":\"BreadcrumbList\",\"@id\":\"https:\/\/slcluezar.es\/en\/interlift-2023\/#breadcrumb\",\"itemListElement\":[{\"@type\":\"ListItem\",\"position\":1,\"name\":\"Portada\",\"item\":\"http:\/\/slcluezar.es\/\"},{\"@type\":\"ListItem\",\"position\":2,\"name\":\"\u00a1Os esperamos!\"}]},{\"@type\":\"WebSite\",\"@id\":\"https:\/\/slcluezar.es\/#website\",\"url\":\"https:\/\/slcluezar.es\/\",\"name\":\"Luezar Eco\",\"description\":\"Transformamos la seguridad en altura\",\"publisher\":{\"@id\":\"https:\/\/slcluezar.es\/#organization\"},\"potentialAction\":[{\"@type\":\"SearchAction\",\"target\":{\"@type\":\"EntryPoint\",\"urlTemplate\":\"https:\/\/slcluezar.es\/?s={search_term_string}\"},\"query-input\":{\"@type\":\"PropertyValueSpecification\",\"valueRequired\":true,\"valueName\":\"search_term_string\"}}],\"inLanguage\":\"en-US\"},{\"@type\":\"Organization\",\"@id\":\"https:\/\/slcluezar.es\/#organization\",\"name\":\"Luezar Eco\",\"url\":\"https:\/\/slcluezar.es\/\",\"logo\":{\"@type\":\"ImageObject\",\"inLanguage\":\"en-US\",\"@id\":\"https:\/\/slcluezar.es\/#\/schema\/logo\/image\/\",\"url\":\"http:\/\/slcluezar.es\/wp-content\/uploads\/2023\/07\/cropped-LOGOTIPO_1-1.png\",\"contentUrl\":\"http:\/\/slcluezar.es\/wp-content\/uploads\/2023\/07\/cropped-LOGOTIPO_1-1.png\",\"width\":995,\"height\":403,\"caption\":\"Luezar Eco\"},\"image\":{\"@id\":\"https:\/\/slcluezar.es\/#\/schema\/logo\/image\/\"}},{\"@type\":\"Person\",\"@id\":\"https:\/\/slcluezar.es\/#\/schema\/person\/8e62d42ec8be573c08871c7ea9a51426\",\"name\":\"admin\",\"image\":{\"@type\":\"ImageObject\",\"inLanguage\":\"en-US\",\"@id\":\"https:\/\/slcluezar.es\/#\/schema\/person\/image\/\",\"url\":\"https:\/\/secure.gravatar.com\/avatar\/fea5d2dc964fcbefe8bcd6aa31776c73743b26d7d83ea0a2fcbb6f866e020360?s=96&d=mm&r=g\",\"contentUrl\":\"https:\/\/secure.gravatar.com\/avatar\/fea5d2dc964fcbefe8bcd6aa31776c73743b26d7d83ea0a2fcbb6f866e020360?s=96&d=mm&r=g\",\"caption\":\"admin\"},\"sameAs\":[\"http:\/\/slcluezar.es\"],\"url\":\"http:\/\/slcluezar.es\/en\/author\/admin\/\"}]}<\/script>\n<!-- \/ Yoast SEO plugin. -->","yoast_head_json":{"title":"\u00a1Os esperamos! - Luezar Eco","robots":{"index":"index","follow":"follow","max-snippet":"max-snippet:-1","max-image-preview":"max-image-preview:large","max-video-preview":"max-video-preview:-1"},"canonical":"https:\/\/slcluezar.es\/en\/interlift-2023\/","og_locale":"en_US","og_type":"article","og_title":"\u00a1Os esperamos! - Luezar Eco","og_description":"\u00a1Os esperamos! Nos complace comunicarle que al igual que en a\u00f1os anteriores, este a\u00f1o Luezar Eco estar\u00e1 presente en la feria Interlift 2023 que se celebra en Augsburg del 17 al 20 de octubre. Al igual que en ediciones anteriores estaremos encantos de recibirles en nuestro stand y poder mostrarles algunas de las novedades y [&hellip;]","og_url":"https:\/\/slcluezar.es\/en\/interlift-2023\/","og_site_name":"Luezar Eco","article_published_time":"2023-10-10T14:56:14+00:00","article_modified_time":"2023-10-10T14:59:24+00:00","og_image":[{"width":2000,"height":1414,"url":"https:\/\/slcluezar.es\/wp-content\/uploads\/2023\/10\/Ven-a-visitarnos-a-nuestro-stand.jpg","type":"image\/jpeg"}],"author":"admin","twitter_card":"summary_large_image","twitter_misc":{"Written by":"admin","Est. reading time":"1 minute"},"schema":{"@context":"https:\/\/schema.org","@graph":[{"@type":"Article","@id":"https:\/\/slcluezar.es\/en\/interlift-2023\/#article","isPartOf":{"@id":"https:\/\/slcluezar.es\/en\/interlift-2023\/"},"author":{"name":"admin","@id":"https:\/\/slcluezar.es\/#\/schema\/person\/8e62d42ec8be573c08871c7ea9a51426"},"headline":"\u00a1Os esperamos!","datePublished":"2023-10-10T14:56:14+00:00","dateModified":"2023-10-10T14:59:24+00:00","mainEntityOfPage":{"@id":"https:\/\/slcluezar.es\/en\/interlift-2023\/"},"wordCount":66,"commentCount":0,"publisher":{"@id":"https:\/\/slcluezar.es\/#organization"},"image":{"@id":"https:\/\/slcluezar.es\/en\/interlift-2023\/#primaryimage"},"thumbnailUrl":"http:\/\/slcluezar.es\/wp-content\/uploads\/2023\/10\/Ven-a-visitarnos-a-nuestro-stand.jpg","inLanguage":"en-US","potentialAction":[{"@type":"CommentAction","name":"Comment","target":["https:\/\/slcluezar.es\/en\/interlift-2023\/#respond"]}]},{"@type":"WebPage","@id":"https:\/\/slcluezar.es\/en\/interlift-2023\/","url":"https:\/\/slcluezar.es\/en\/interlift-2023\/","name":"\u00a1Os esperamos! - Luezar Eco","isPartOf":{"@id":"https:\/\/slcluezar.es\/#website"},"primaryImageOfPage":{"@id":"https:\/\/slcluezar.es\/en\/interlift-2023\/#primaryimage"},"image":{"@id":"https:\/\/slcluezar.es\/en\/interlift-2023\/#primaryimage"},"thumbnailUrl":"http:\/\/slcluezar.es\/wp-content\/uploads\/2023\/10\/Ven-a-visitarnos-a-nuestro-stand.jpg","datePublished":"2023-10-10T14:56:14+00:00","dateModified":"2023-10-10T14:59:24+00:00","breadcrumb":{"@id":"https:\/\/slcluezar.es\/en\/interlift-2023\/#breadcrumb"},"inLanguage":"en-US","potentialAction":[{"@type":"ReadAction","target":["https:\/\/slcluezar.es\/en\/interlift-2023\/"]}]},{"@type":"ImageObject","inLanguage":"en-US","@id":"https:\/\/slcluezar.es\/en\/interlift-2023\/#primaryimage","url":"http:\/\/slcluezar.es\/wp-content\/uploads\/2023\/10\/Ven-a-visitarnos-a-nuestro-stand.jpg","contentUrl":"http:\/\/slcluezar.es\/wp-content\/uploads\/2023\/10\/Ven-a-visitarnos-a-nuestro-stand.jpg","width":2000,"height":1414},{"@type":"BreadcrumbList","@id":"https:\/\/slcluezar.es\/en\/interlift-2023\/#breadcrumb","itemListElement":[{"@type":"ListItem","position":1,"name":"Portada","item":"http:\/\/slcluezar.es\/"},{"@type":"ListItem","position":2,"name":"\u00a1Os esperamos!"}]},{"@type":"WebSite","@id":"https:\/\/slcluezar.es\/#website","url":"https:\/\/slcluezar.es\/","name":"Luezar Eco","description":"We transform safety at height","publisher":{"@id":"https:\/\/slcluezar.es\/#organization"},"potentialAction":[{"@type":"SearchAction","target":{"@type":"EntryPoint","urlTemplate":"https:\/\/slcluezar.es\/?s={search_term_string}"},"query-input":{"@type":"PropertyValueSpecification","valueRequired":true,"valueName":"search_term_string"}}],"inLanguage":"en-US"},{"@type":"Organization","@id":"https:\/\/slcluezar.es\/#organization","name":"Luezar Eco","url":"https:\/\/slcluezar.es\/","logo":{"@type":"ImageObject","inLanguage":"en-US","@id":"https:\/\/slcluezar.es\/#\/schema\/logo\/image\/","url":"http:\/\/slcluezar.es\/wp-content\/uploads\/2023\/07\/cropped-LOGOTIPO_1-1.png","contentUrl":"http:\/\/slcluezar.es\/wp-content\/uploads\/2023\/07\/cropped-LOGOTIPO_1-1.png","width":995,"height":403,"caption":"Luezar Eco"},"image":{"@id":"https:\/\/slcluezar.es\/#\/schema\/logo\/image\/"}},{"@type":"Person","@id":"https:\/\/slcluezar.es\/#\/schema\/person\/8e62d42ec8be573c08871c7ea9a51426","name":"admin","image":{"@type":"ImageObject","inLanguage":"en-US","@id":"https:\/\/slcluezar.es\/#\/schema\/person\/image\/","url":"https:\/\/secure.gravatar.com\/avatar\/fea5d2dc964fcbefe8bcd6aa31776c73743b26d7d83ea0a2fcbb6f866e020360?s=96&d=mm&r=g","contentUrl":"https:\/\/secure.gravatar.com\/avatar\/fea5d2dc964fcbefe8bcd6aa31776c73743b26d7d83ea0a2fcbb6f866e020360?s=96&d=mm&r=g","caption":"admin"},"sameAs":["http:\/\/slcluezar.es"],"url":"http:\/\/slcluezar.es\/en\/author\/admin\/"}]}},"_links":{"self":[{"href":"http:\/\/slcluezar.es\/en\/wp-json\/wp\/v2\/posts\/6382","targetHints":{"allow":["GET"]}}],"collection":[{"href":"http:\/\/slcluezar.es\/en\/wp-json\/wp\/v2\/posts"}],"about":[{"href":"http:\/\/slcluezar.es\/en\/wp-json\/wp\/v2\/types\/post"}],"author":[{"embeddable":true,"href":"http:\/\/slcluezar.es\/en\/wp-json\/wp\/v2\/users\/1"}],"replies":[{"embeddable":true,"href":"http:\/\/slcluezar.es\/en\/wp-json\/wp\/v2\/comments?post=6382"}],"version-history":[{"count":5,"href":"http:\/\/slcluezar.es\/en\/wp-json\/wp\/v2\/posts\/6382\/revisions"}],"predecessor-version":[{"id":6394,"href":"http:\/\/slcluezar.es\/en\/wp-json\/wp\/v2\/posts\/6382\/revisions\/6394"}],"wp:featuredmedia":[{"embeddable":true,"href":"http:\/\/slcluezar.es\/en\/wp-json\/wp\/v2\/media\/6376"}],"wp:attachment":[{"href":"http:\/\/slcluezar.es\/en\/wp-json\/wp\/v2\/media?parent=6382"}],"wp:term":[{"taxonomy":"category","embeddable":true,"href":"http:\/\/slcluezar.es\/en\/wp-json\/wp\/v2\/categories?post=6382"},{"taxonomy":"post_tag","embeddable":true,"href":"http:\/\/slcluezar.es\/en\/wp-json\/wp\/v2\/tags?post=6382"}],"curies":[{"name":"wp","href":"https:\/\/api.w.org\/{rel}","templated":true}]}}